{"id":2470,"date":"2025-12-11T20:31:50","date_gmt":"2025-12-11T19:31:50","guid":{"rendered":"https:\/\/schachbezirk-freiburg.de\/?p=2470"},"modified":"2025-12-11T22:57:14","modified_gmt":"2025-12-11T21:57:14","slug":"grandprix-blitz-beim-sk-freiburg-west-am-21-11-2025","status":"publish","type":"post","link":"https:\/\/schachbezirk-freiburg.de\/?p=2470","title":{"rendered":"Grandprix- Blitz beim SK Freiburg West am 21.11.2025"},"content":{"rendered":"<p>Last but not least &#8211; hier die Ergebnisse des<strong> Grandprix -Blitz<\/strong> beim<strong> SK<\/strong> <strong>Freiburg West,<\/strong> dem der Vorstand selbstredend seinen Dank f\u00fcr die Durchf\u00fchrung und die Organisation aussprechen m\u00f6chte. Anbei ist die Abschlu\u00dftabelle beigef\u00fcgt:<\/p>\n<p><a href=\"https:\/\/schachbezirk-freiburg.de\/wp-content\/uploads\/2025\/12\/Grand-Prix-Rangliste.pdf\">Grand Prix Rangliste<\/a><\/p>\n<p>Abschlie\u00dfend sei auf das letzte <strong>Grand-Prix Turnier<\/strong> &#8211; <strong>Rapid mit 15&#8242;<\/strong> &#8211; in 2025 beim <strong>SC Horben,<\/strong> <strong>12.12.\u00a0um 19 Uhr<\/strong> hingewiesen. Die Horbener freuen sich \u00fcber jeden, der zu ihnen hoch kommt. Und jeder der kommt und mitspielt, erh\u00e4lt eine <strong>Advents\u00fcberraschung<\/strong> und Punsch dazu.<\/p>\n<p>Des Weiteren sei noch einmal auf die<strong> Spielansetzungen im<\/strong> <strong>Mannschafts-Pokal<\/strong> hingewiesen. Max Scherer hat die <strong>Deadline<\/strong> noch einmal verl\u00e4ngert! Bitte die Rund-Email unseres Pressewartes Gerhard dazu beachten.<\/p>\n<p>Au\u00dferdem m\u00f6chten wir dazu animieren, da\u00df jeder unserer Vereinsspieler u\/o Schachinteressierten sich hier auf der <strong>Bezirks-Homepage \u00fcber das hiesige Schachgeschehen<\/strong> informieren kann.<\/p>\n<p><strong>UND<\/strong> &#8211; wenn nicht schon pers\u00f6nlich geschehen &#8211; w\u00fcnscht der gesamte Bezirksvorstand <strong>allen Freiburgern und den umlandigen Schachspielern und<\/strong> <strong>ihren Familien<\/strong> eine besinnliche und sch\u00f6ne Adventszeit.<\/p>\n<p>Im Namen des Bezirksvorstandes,<\/p>\n<p>Norbert A. Klipsch<\/p>\n","protected":false},"excerpt":{"rendered":"<p>Last but not least &#8211; hier die Ergebnisse des Grandprix -Blitz beim SK Freiburg West, dem der Vorstand selbstredend seinen Dank f\u00fcr die Durchf\u00fchrung und die Organisation aussprechen m\u00f6chte. Anbei &hellip; <a href=\"https:\/\/schachbezirk-freiburg.de\/?p=2470\" class=\"more-link\"><span class=\"screen-reader-text\">Grandprix- Blitz beim SK Freiburg West am 21.11.2025<\/span> weiterlesen <span class=\"meta-nav\">&rarr;<\/span><\/a><\/p>\n","protected":false},"author":16,"featured_media":0,"comment_status":"closed","ping_status":"open","sticky":false,"template":"","format":"standard","meta":{"footnotes":""},"categories":[4,1],"tags":[],"class_list":["post-2470","post","type-post","status-publish","format-standard","hentry","category-blitz","category-uncategorized"],"_links":{"self":[{"href":"https:\/\/schachbezirk-freiburg.de\/index.php?rest_route=\/wp\/v2\/posts\/2470","targetHints":{"allow":["GET"]}}],"collection":[{"href":"https:\/\/schachbezirk-freiburg.de\/index.php?rest_route=\/wp\/v2\/posts"}],"about":[{"href":"https:\/\/schachbezirk-freiburg.de\/index.php?rest_route=\/wp\/v2\/types\/post"}],"author":[{"embeddable":true,"href":"https:\/\/schachbezirk-freiburg.de\/index.php?rest_route=\/wp\/v2\/users\/16"}],"replies":[{"embeddable":true,"href":"https:\/\/schachbezirk-freiburg.de\/index.php?rest_route=%2Fwp%2Fv2%2Fcomments&post=2470"}],"version-history":[{"count":8,"href":"https:\/\/schachbezirk-freiburg.de\/index.php?rest_route=\/wp\/v2\/posts\/2470\/revisions"}],"predecessor-version":[{"id":2482,"href":"https:\/\/schachbezirk-freiburg.de\/index.php?rest_route=\/wp\/v2\/posts\/2470\/revisions\/2482"}],"wp:attachment":[{"href":"https:\/\/schachbezirk-freiburg.de\/index.php?rest_route=%2Fwp%2Fv2%2Fmedia&parent=2470"}],"wp:term":[{"taxonomy":"category","embeddable":true,"href":"https:\/\/schachbezirk-freiburg.de\/index.php?rest_route=%2Fwp%2Fv2%2Fcategories&post=2470"},{"taxonomy":"post_tag","embeddable":true,"href":"https:\/\/schachbezirk-freiburg.de\/index.php?rest_route=%2Fwp%2Fv2%2Ftags&post=2470"}],"curies":[{"name":"wp","href":"https:\/\/api.w.org\/{rel}","templated":true}]}}