{"id":1641,"date":"2021-03-29T18:04:09","date_gmt":"2021-03-29T17:04:09","guid":{"rendered":"https:\/\/schachbezirk-freiburg.de\/?p=1641"},"modified":"2021-03-29T18:04:09","modified_gmt":"2021-03-29T17:04:09","slug":"breisgau-strategen-1-platz-und-aufstieg","status":"publish","type":"post","link":"https:\/\/schachbezirk-freiburg.de\/?p=1641","title":{"rendered":"Breisgau-Strategen &#8211; 1. Platz und Aufstieg"},"content":{"rendered":"<p>Liebe Schachfreunde,<\/p>\n<p>gestern hat es in der Lichess-Quarant\u00e4ne-Liga mit der Bedenkzeit 3+0 gut geklappt.  Dies auch Dank der beiden Top-Scorer FM Cellini und sem_Schweiz konnten wir in der Kategorie 8 (von 20)  gut mithalten und am Schlu\u00df<br \/>\nsogar den 1. Platz belegen.  <strong>Dies berechtig zum Aufstieg in die 7. Liga<\/strong>, welche diesen Donnerstag, <strong>1.4.- ab 20 Uhr  &#8211;<\/strong> mit der Bedenkzeit 3+2 gespielt wird. Wichtig ist, dass wir  in dieser mittlerweile recht starken Liga mit vielen Spielern antreten. Die besten 6 Spieler jedes Teams werden gewertet. Wer noch nicht bei den Strategen registriert ist, zuk\u00fcnftig aber den einen oder anderen Wettkampf mitspielen m\u00f6chte, kann sich \u00fcber den entsprechen Link auf der Bezirkshomepage eintragen.<\/p>\n<p>Dazu auch die <em>Terminvorschau<\/em> f\u00fcr weitere Turniere:<\/p>\n<p><strong>Freitag, 9.4.<\/strong> ab 19.30, 7 Runden Schweizer System um die Flasche des Monats bei der Bedenkzeit 10+0, das Turnier hat keinen Einflu\u00df auf die Lichess-Wertungszahl.<br \/>\nOffen f\u00fcr alle Mitglieder und Freunde des Schachbezirks Freiburg (Erwachsene und Jugendliche).<\/p>\n<p><strong>Samstag, 10.4.<\/strong> ab 15 Uhr<br \/>\n<strong>Monatsturnier des Bezirks f\u00fcr Jugendliche U8-U14<\/strong> (bis einschlie\u00dflich Jahrgang 2007)<br \/>\n5 Runden Schweizer System, 10+0, gewertet<\/p>\n<p>Zu allen Turnieren kann man sich jetzt bereits anmelden. Die Turniere werden auf der kostenlosen Schachplattform Lichess.org ausgetragen. Auf dieser kann man auch Taktikaufgaben l\u00f6sen, Endspiele \u00fcben usw.,<br \/>\nalso auch etwas f\u00fcr Nicht-Blitzspieler. Wer dazu noch Fragen hat, kann sich gerne mit mir in Verbindung setzen.<\/p>\n<p>Viele Gruesse aus Heitersheim<br \/>\nGerhard Prill (gerry3005), Tel. 07633-8789<br \/>\n1. Vorsitzender im Schachbezirk Freiburg<br \/>\n<a href=\"https:\/\/www.schachbezirk-freiburg.de\">www.schachbezirk-freiburg.de<\/a><\/p>\n","protected":false},"excerpt":{"rendered":"<p>Liebe Schachfreunde, gestern hat es in der Lichess-Quarant\u00e4ne-Liga mit der Bedenkzeit 3+0 gut geklappt. Dies auch Dank der beiden Top-Scorer FM Cellini und sem_Schweiz konnten wir in der Kategorie 8 &hellip; <a href=\"https:\/\/schachbezirk-freiburg.de\/?p=1641\" class=\"more-link\"><span class=\"screen-reader-text\">Breisgau-Strategen &#8211; 1. Platz und Aufstieg<\/span> weiterlesen <span class=\"meta-nav\">&rarr;<\/span><\/a><\/p>\n","protected":false},"author":1,"featured_media":0,"comment_status":"closed","ping_status":"open","sticky":false,"template":"","format":"standard","meta":{"footnotes":""},"categories":[2],"tags":[],"class_list":["post-1641","post","type-post","status-publish","format-standard","hentry","category-allgemein"],"_links":{"self":[{"href":"https:\/\/schachbezirk-freiburg.de\/index.php?rest_route=\/wp\/v2\/posts\/1641","targetHints":{"allow":["GET"]}}],"collection":[{"href":"https:\/\/schachbezirk-freiburg.de\/index.php?rest_route=\/wp\/v2\/posts"}],"about":[{"href":"https:\/\/schachbezirk-freiburg.de\/index.php?rest_route=\/wp\/v2\/types\/post"}],"author":[{"embeddable":true,"href":"https:\/\/schachbezirk-freiburg.de\/index.php?rest_route=\/wp\/v2\/users\/1"}],"replies":[{"embeddable":true,"href":"https:\/\/schachbezirk-freiburg.de\/index.php?rest_route=%2Fwp%2Fv2%2Fcomments&post=1641"}],"version-history":[{"count":2,"href":"https:\/\/schachbezirk-freiburg.de\/index.php?rest_route=\/wp\/v2\/posts\/1641\/revisions"}],"predecessor-version":[{"id":1644,"href":"https:\/\/schachbezirk-freiburg.de\/index.php?rest_route=\/wp\/v2\/posts\/1641\/revisions\/1644"}],"wp:attachment":[{"href":"https:\/\/schachbezirk-freiburg.de\/index.php?rest_route=%2Fwp%2Fv2%2Fmedia&parent=1641"}],"wp:term":[{"taxonomy":"category","embeddable":true,"href":"https:\/\/schachbezirk-freiburg.de\/index.php?rest_route=%2Fwp%2Fv2%2Fcategories&post=1641"},{"taxonomy":"post_tag","embeddable":true,"href":"https:\/\/schachbezirk-freiburg.de\/index.php?rest_route=%2Fwp%2Fv2%2Ftags&post=1641"}],"curies":[{"name":"wp","href":"https:\/\/api.w.org\/{rel}","templated":true}]}}