{"id":1558,"date":"2020-09-15T09:05:17","date_gmt":"2020-09-15T08:05:17","guid":{"rendered":"http:\/\/schachbezirk-freiburg.de\/?p=1558"},"modified":"2020-09-15T09:05:17","modified_gmt":"2020-09-15T08:05:17","slug":"bezirkspokal-2019-2020-3","status":"publish","type":"post","link":"https:\/\/schachbezirk-freiburg.de\/?p=1558","title":{"rendered":"Bezirkspokal 2019-2020"},"content":{"rendered":"<p>Liebe Vereinsvorst\u00e4nde, Mannschaftsf\u00fchrer<\/p>\n<p>und sonstige verantwortliche Funktion\u00e4re,<\/p>\n<p>&nbsp;<\/p>\n<p>Wegen der Corona &#8211; <em><strong>Unterbrechung\u00a0<\/strong><\/em>lief und und l\u00e4uft es komplett<\/p>\n<p>anders ab, wie es geplant war.<\/p>\n<p>W\u00e4hrend wir nach Vorgabe des BSV im M\u00e4rz unterbrechen mussten,<\/p>\n<p>ist es nun der BSV der Dampf macht, und uns die Vorgabe macht,\u00a0bis<\/p>\n<p>Ende September\/ Anfang Oktober die Bezirksvorrunden zu beenden.<\/p>\n<p>&nbsp;<\/p>\n<p>Um es nochmal in Erinnerung zu bringen. Heitersheim und Horben<\/p>\n<p>k\u00e4mpfen um Bezirksmeistertitel, w\u00e4hrend Dreisamtal und Oberwinden<\/p>\n<p>auf verbliebenen Qualifikationsplatz zum badischen MP hoffen.<\/p>\n<p>Das h\u00f6rt sich relativ einfach an, und ist es im Gegensatz zur Umsetzung<\/p>\n<p>des Einzelpokal auch.<\/p>\n<p>Nat\u00fcrlich gelten hier wie dort die Umsetzung der f\u00fcr die Mannschaftsrunde<\/p>\n<p>vorgesehenen Coronavorgaben.<\/p>\n<p>Und nat\u00fcrlich \u00fcbernimmt kein Gastgeber\/Turnierleiter eine Verantwortung,<\/p>\n<p>sollte sich ein Teilnehmer doch mit dem Coronavirus infizieren. Jeder der<\/p>\n<p>anwesenden Mitspieler tut das folglich in Eigenverantwortung, hat aber die<\/p>\n<p>nicht unerhebliche Verpflichtung keine sonstigen Mitb\u00fcrger zu gef\u00e4hrden.<\/p>\n<p>&nbsp;<\/p>\n<p>Statt im M\u00e4rz, soll unsere Endrunde im Einzelpokal nun am 18\/19 September<\/p>\n<p>stattfinden. Hierzu gibt es im Anhang die Ausschreibung, sowie die seit M\u00e4rz<\/p>\n<p>geltende Teilnehmerliste. Allerdings werde ich bei Ausf\u00e4llen, mich nicht mehr<\/p>\n<p>um Ersatzmitspieler bem\u00fchen. Wer fehlt, sorgt folglich zu kampflosen Duellen.<\/p>\n<p>&nbsp;<\/p>\n<p>Im Bezug zu den Coronaregeln hat mir Norbert folgendes zukommen lassen :<\/p>\n<p>&nbsp;<\/p>\n<div><em><strong>Hallo Max,<\/strong><\/em><\/div>\n<div><\/div>\n<div><em><strong>Zu den Corona-Regeln:<\/strong><\/em><\/div>\n<div><em><strong>1) Zugang zum Brett mit Maske, dort besteht keine Maskenpflicht.<\/strong><\/em><\/div>\n<div><em><strong>2) Jeder EBW-Gast muss sich<\/strong><\/em><strong> r<\/strong><strong>egistrieren<\/strong><em><strong> lassen, mit Name und <\/strong><\/em><\/div>\n<div><em><strong>\u00a0 \u00a0seinen<\/strong><\/em><em><strong>\u00a0Kontaktdaten.\u00a0<\/strong><\/em><\/div>\n<div><\/div>\n<div><em><strong>LG Norbert<\/strong><\/em><\/div>\n<p>&nbsp;<\/p>\n<p>&nbsp;<\/p>\n<p>Unabh\u00e4ngig dazu, ob ich mir nun einen &#8222;Shitstorm&#8220; ernte oder seltene<\/p>\n<p>Zustimmung. Wir sollten es versuchen umzusetzen. Wem das zu<\/p>\n<p>gef\u00e4hrlich erscheint, oder wer Angst hat, soll es eben bleiben lassen.<\/p>\n<p>So oder so, ich bitte doch sehr darum, mich zu informieren, ob er<\/p>\n<p>teilnimmt, oder nicht. Es sollte auch sobald als m\u00f6glich geschehen.<\/p>\n<p>&nbsp;<\/p>\n<p>Leider habe ich nun nicht ganz im \u00dcberblick, ob in der Liste der<\/p>\n<p>Angeschriebenen alle Teilnehmer dabei sind, wahrscheinlich ist eher,<\/p>\n<p>dass ich nur einen\/mehrere Vereinsverantwortliche erreicht habe.<\/p>\n<p>Diese sollten dies bitte umgehend weiter leiten. Vielen herzlichen \u00b4Dank !<\/p>\n<p>&nbsp;<\/p>\n<p>Mit freundlichen Gr\u00fc\u00dfen\u00a0 Max Scherer &#8211;<\/p>\n<p>Pokal und Blitz im Bezirk <span class=\"cmp_removed_location\" data-ce-class=\"Locations\" data-cmp_removed_location_other=\"1\" data-cmp_removed_location_weather=\"K08311000\" data-cmp_removed_location_name=\"Freiburg\"><span class=\"cmp_parsed_location\" data-ce-class=\"Locations\" data-cmp_parsed_location_name=\"Freiburg\" data-cmp_parsed_location_weather=\"K08311000\" data-cmp_parsed_location_other=\"1\">Freiburg<\/span><\/span><\/p>\n<p><em><strong>Anhang:<\/strong><\/em><\/p>\n<p><a href=\"http:\/\/schachbezirk-freiburg.de\/wp-content\/uploads\/2020\/09\/Einladung-zum-Finale-des-Einzel-Pokals-2019-20.pdf\">Einladung zum Finale des Einzel-Pokals 2019-20<\/a> <a href=\"http:\/\/schachbezirk-freiburg.de\/wp-content\/uploads\/2020\/09\/Teilnehmer-der-Endrunde-im-Einzelpokal-2020-Bezirk-Freiburg.pdf\">Teilnehmer der Endrunde im Einzelpokal 2020 Bezirk Freiburg<\/a><\/p>\n","protected":false},"excerpt":{"rendered":"<p>Liebe Vereinsvorst\u00e4nde, Mannschaftsf\u00fchrer und sonstige verantwortliche Funktion\u00e4re, &nbsp; Wegen der Corona &#8211; Unterbrechung\u00a0lief und und l\u00e4uft es komplett anders ab, wie es geplant war. W\u00e4hrend wir nach Vorgabe des BSV &hellip; <a href=\"https:\/\/schachbezirk-freiburg.de\/?p=1558\" class=\"more-link\"><span class=\"screen-reader-text\">Bezirkspokal 2019-2020<\/span> weiterlesen <span class=\"meta-nav\">&rarr;<\/span><\/a><\/p>\n","protected":false},"author":1,"featured_media":0,"comment_status":"closed","ping_status":"open","sticky":false,"template":"","format":"standard","meta":{"footnotes":""},"categories":[2],"tags":[],"class_list":["post-1558","post","type-post","status-publish","format-standard","hentry","category-allgemein"],"_links":{"self":[{"href":"https:\/\/schachbezirk-freiburg.de\/index.php?rest_route=\/wp\/v2\/posts\/1558","targetHints":{"allow":["GET"]}}],"collection":[{"href":"https:\/\/schachbezirk-freiburg.de\/index.php?rest_route=\/wp\/v2\/posts"}],"about":[{"href":"https:\/\/schachbezirk-freiburg.de\/index.php?rest_route=\/wp\/v2\/types\/post"}],"author":[{"embeddable":true,"href":"https:\/\/schachbezirk-freiburg.de\/index.php?rest_route=\/wp\/v2\/users\/1"}],"replies":[{"embeddable":true,"href":"https:\/\/schachbezirk-freiburg.de\/index.php?rest_route=%2Fwp%2Fv2%2Fcomments&post=1558"}],"version-history":[{"count":2,"href":"https:\/\/schachbezirk-freiburg.de\/index.php?rest_route=\/wp\/v2\/posts\/1558\/revisions"}],"predecessor-version":[{"id":1563,"href":"https:\/\/schachbezirk-freiburg.de\/index.php?rest_route=\/wp\/v2\/posts\/1558\/revisions\/1563"}],"wp:attachment":[{"href":"https:\/\/schachbezirk-freiburg.de\/index.php?rest_route=%2Fwp%2Fv2%2Fmedia&parent=1558"}],"wp:term":[{"taxonomy":"category","embeddable":true,"href":"https:\/\/schachbezirk-freiburg.de\/index.php?rest_route=%2Fwp%2Fv2%2Fcategories&post=1558"},{"taxonomy":"post_tag","embeddable":true,"href":"https:\/\/schachbezirk-freiburg.de\/index.php?rest_route=%2Fwp%2Fv2%2Ftags&post=1558"}],"curies":[{"name":"wp","href":"https:\/\/api.w.org\/{rel}","templated":true}]}}