{"id":1449,"date":"2020-03-04T09:57:44","date_gmt":"2020-03-04T08:57:44","guid":{"rendered":"http:\/\/schachbezirk-freiburg.de\/?p=1449"},"modified":"2020-03-04T09:57:44","modified_gmt":"2020-03-04T08:57:44","slug":"einladung-zur-endrunde-im-bezirkseinzelpokal-2020","status":"publish","type":"post","link":"https:\/\/schachbezirk-freiburg.de\/?p=1449","title":{"rendered":"Einladung zur Endrunde im Bezirkseinzelpokal 2020!"},"content":{"rendered":"<p>An die <strong><u>Teilnehmer der Endrunde im Einzelpokal 2020 Bezirk Freiburg,<\/u><\/strong><\/p>\n<p>anbei ist sind die Teilnehmer zu entnehmen. Dem Anhang ist auch die Ausschreibung mit Termin zur Endrunde beigef\u00fcgt. Ich bitte alle Teilnehmer bis zum 15. M\u00e4rz die Teilnahme zu best\u00e4tigen, oder nur im Notfall abzusagen.\u00a0 Ferner ich bitte Gerhard Prill Martin Spitzer, sowie Norbert Matlachowski seine &#8222;Teilnehmer&#8220; \u00fcber diese Zeilen zu unterrichten. Ich hoffe auf eine m\u00f6glichst vollz\u00e4hlige Teilnehmerzahl, au\u00dferdem m\u00f6chte ich daran erinnern, dass es zwei Teilnehmer bis in die badische Endrunde schaffen werden. Ich hoffe nichts vergessen zu haben.<\/p>\n<p>Gruppe S\u00fcd :<\/p>\n<p>Backhaus, Silas\u00a0\u00a0\u00a0\u00a0\u00a0\u00a0\u00a0\u00a0\u00a0\u00a0\u00a0\u00a0\u00a0\u00a0\u00a0\u00a0\u00a0\u00a0\u00a0\u00a0\u00a0\u00a0 ( S\u00f6lden )<br \/>\nGkegkas, Michail\u00a0\u00a0\u00a0\u00a0\u00a0\u00a0\u00a0\u00a0\u00a0\u00a0\u00a0\u00a0\u00a0\u00a0\u00a0\u00a0\u00a0\u00a0 \u00a0( Heitersheim )<br \/>\nWiedemann, Harald\u00a0\u00a0\u00a0\u00a0\u00a0\u00a0\u00a0\u00a0\u00a0\u00a0\u00a0\u00a0\u00a0\u00a0\u00a0\u00a0 ( Heitersheim )<br \/>\nSpitzer, Martin\u00a0\u00a0 \u00a0\u00a0\u00a0\u00a0\u00a0\u00a0\u00a0\u00a0\u00a0\u00a0\u00a0\u00a0\u00a0\u00a0\u00a0\u00a0\u00a0\u00a0\u00a0\u00a0\u00a0( Heitersheim )<br \/>\nWiesner, Paul\u00a0\u00a0\u00a0\u00a0\u00a0\u00a0\u00a0\u00a0\u00a0\u00a0\u00a0\u00a0\u00a0\u00a0\u00a0\u00a0\u00a0\u00a0\u00a0\u00a0\u00a0\u00a0\u00a0\u00a0\u00a0\u00a0 ( Heitersheim )<\/p>\n<p>Gruppe Freiburg :<\/p>\n<p>Dr. Langheineken, Uwe\u00a0\u00a0\u00a0\u00a0\u00a0\u00a0\u00a0\u00a0\u00a0\u00a0 ( FR-Z\u00e4hringen 1887 )<br \/>\nPawlowski-Yahja, Gerd \u00a0\u00a0\u00a0\u00a0\u00a0\u00a0\u00a0\u00a0\u00a0\u00a0\u00a0( FR-West )<br \/>\nMetz, Berhold\u00a0\u00a0\u00a0\u00a0\u00a0\u00a0\u00a0\u00a0\u00a0\u00a0\u00a0\u00a0\u00a0\u00a0\u00a0\u00a0\u00a0\u00a0\u00a0\u00a0\u00a0\u00a0\u00a0\u00a0\u00a0\u00a0 ( FR-West )<br \/>\nYaudosin, Yauheni\u00a0\u00a0\u00a0\u00a0\u00a0\u00a0\u00a0\u00a0\u00a0\u00a0\u00a0\u00a0\u00a0\u00a0\u00a0\u00a0\u00a0\u00a0 ( FR-West )\u00b4<br \/>\nMeurin, Patrick\u00a0\u00a0\u00a0\u00a0\u00a0\u00a0\u00a0\u00a0\u00a0\u00a0\u00a0\u00a0\u00a0\u00a0\u00a0\u00a0 \u00a0\u00a0\u00a0\u00a0\u00a0 ( FR-West )<\/p>\n<p>Gruppe Ketre :<\/p>\n<p>Hussong, Reiner\u00a0\u00a0\u00a0\u00a0\u00a0\u00a0 \u00a0\u00a0\u00a0\u00a0\u00a0\u00a0\u00a0\u00a0\u00a0\u00a0\u00a0\u00a0\u00a0\u00a0\u00a0 ( Endingen )<br \/>\nSchupp, Gerhard\u00a0\u00a0\u00a0\u00a0\u00a0\u00a0 \u00a0\u00a0\u00a0\u00a0\u00a0\u00a0\u00a0\u00a0\u00a0\u00a0\u00a0\u00a0\u00a0\u00a0\u00a0 ( Endingen )<br \/>\nHauk, Roland\u00a0\u00a0\u00a0\u00a0\u00a0\u00a0\u00a0\u00a0\u00a0\u00a0\u00a0\u00a0\u00a0\u00a0 \u00a0\u00a0\u00a0\u00a0\u00a0\u00a0\u00a0\u00a0\u00a0\u00a0\u00a0\u00a0\u00a0\u00a0\u00a0( Endingen ) 1. Nachr\u00fccker!<\/p>\n<p>Gruppe Elztal :<\/p>\n<p>Alber, Jens\u00a0\u00a0\u00a0\u00a0\u00a0\u00a0\u00a0\u00a0\u00a0\u00a0\u00a0\u00a0\u00a0\u00a0\u00a0\u00a0\u00a0\u00a0\u00a0\u00a0\u00a0\u00a0\u00a0\u00a0\u00a0\u00a0\u00a0\u00a0 \u00a0 ( Oberwinden )<br \/>\nWissler, Martin \u00a0\u00a0\u00a0\u00a0\u00a0\u00a0\u00a0\u00a0\u00a0\u00a0\u00a0\u00a0\u00a0\u00a0\u00a0\u00a0\u00a0\u00a0\u00a0\u00a0\u00a0\u00a0\u00a0\u00a0( Oberwinden )<br \/>\nPauk, Peter\u00a0\u00a0\u00a0\u00a0\u00a0\u00a0\u00a0\u00a0\u00a0\u00a0\u00a0\u00a0\u00a0\u00a0\u00a0\u00a0\u00a0\u00a0\u00a0\u00a0\u00a0\u00a0\u00a0\u00a0\u00a0\u00a0\u00a0\u00a0 \u00a0\u00a0\u00a0( Oberwinden )<\/p>\n<p>Titelverteidiger : Scherer, Max\u00a0\u00a0\u00a0\u00a0\u00a0\u00a0\u00a0\u00a0\u00a0\u00a0\u00a0\u00a0\u00a0\u00a0\u00a0\u00a0\u00a0\u00a0\u00a0\u00a0\u00a0\u00a0 \u00a0\u00a0\u00a0( Dreisamtal )<\/p>\n<p>Beginn der Endrunde nach Ausschreibung:<\/p>\n<p>Spielort bei Freiburg West am 27.\/ 28. M\u00e4rz.<\/p>\n<p>&nbsp;<\/p>\n<p>Mit freundlichen Gr\u00fc\u00dfen<\/p>\n<p>Max Scherer<\/p>\n<p>Pokal und Blitz im Bezirk <span class=\"cmp_removed_location\" data-ce-class=\"Locations\" data-cmp_removed_location_other=\"1\" data-cmp_removed_location_weather=\"K08311000\" data-cmp_removed_location_name=\"Freiburg\"><span class=\"cmp_parsed_location\" data-ce-class=\"Locations\" data-cmp_parsed_location_other=\"1\" data-cmp_parsed_location_weather=\"K08311000\" data-cmp_parsed_location_name=\"Freiburg\">Freiburg<\/span><\/span><\/p>\n","protected":false},"excerpt":{"rendered":"<p>An die Teilnehmer der Endrunde im Einzelpokal 2020 Bezirk Freiburg, anbei ist sind die Teilnehmer zu entnehmen. Dem Anhang ist auch die Ausschreibung mit Termin zur Endrunde beigef\u00fcgt. Ich bitte &hellip; <a href=\"https:\/\/schachbezirk-freiburg.de\/?p=1449\" class=\"more-link\"><span class=\"screen-reader-text\">Einladung zur Endrunde im Bezirkseinzelpokal 2020!<\/span> weiterlesen <span class=\"meta-nav\">&rarr;<\/span><\/a><\/p>\n","protected":false},"author":1,"featured_media":0,"comment_status":"closed","ping_status":"open","sticky":false,"template":"","format":"standard","meta":{"footnotes":""},"categories":[2],"tags":[],"class_list":["post-1449","post","type-post","status-publish","format-standard","hentry","category-allgemein"],"_links":{"self":[{"href":"https:\/\/schachbezirk-freiburg.de\/index.php?rest_route=\/wp\/v2\/posts\/1449","targetHints":{"allow":["GET"]}}],"collection":[{"href":"https:\/\/schachbezirk-freiburg.de\/index.php?rest_route=\/wp\/v2\/posts"}],"about":[{"href":"https:\/\/schachbezirk-freiburg.de\/index.php?rest_route=\/wp\/v2\/types\/post"}],"author":[{"embeddable":true,"href":"https:\/\/schachbezirk-freiburg.de\/index.php?rest_route=\/wp\/v2\/users\/1"}],"replies":[{"embeddable":true,"href":"https:\/\/schachbezirk-freiburg.de\/index.php?rest_route=%2Fwp%2Fv2%2Fcomments&post=1449"}],"version-history":[{"count":3,"href":"https:\/\/schachbezirk-freiburg.de\/index.php?rest_route=\/wp\/v2\/posts\/1449\/revisions"}],"predecessor-version":[{"id":1453,"href":"https:\/\/schachbezirk-freiburg.de\/index.php?rest_route=\/wp\/v2\/posts\/1449\/revisions\/1453"}],"wp:attachment":[{"href":"https:\/\/schachbezirk-freiburg.de\/index.php?rest_route=%2Fwp%2Fv2%2Fmedia&parent=1449"}],"wp:term":[{"taxonomy":"category","embeddable":true,"href":"https:\/\/schachbezirk-freiburg.de\/index.php?rest_route=%2Fwp%2Fv2%2Fcategories&post=1449"},{"taxonomy":"post_tag","embeddable":true,"href":"https:\/\/schachbezirk-freiburg.de\/index.php?rest_route=%2Fwp%2Fv2%2Ftags&post=1449"}],"curies":[{"name":"wp","href":"https:\/\/api.w.org\/{rel}","templated":true}]}}